{"id":2733,"date":"2013-03-04T13:39:28","date_gmt":"2013-03-04T12:39:28","guid":{"rendered":"http:\/\/prevencion.umh.es\/2013\/03\/04\/b-9-gestion-de-la-prl-en-facultades-escuelas-e-institutos-de-investigacion-3-horas-campus-elche\/"},"modified":"2013-02-04T13:41:22","modified_gmt":"2013-02-04T12:41:22","slug":"b-9-gestion-de-la-prl-en-facultades-escuelas-e-institutos-de-investigacion-3-horas-campus-elche","status":"publish","type":"post","link":"https:\/\/prevencion.umh.es\/ca\/2013\/03\/04\/b-9-gestion-de-la-prl-en-facultades-escuelas-e-institutos-de-investigacion-3-horas-campus-elche\/","title":{"rendered":"<span lang=\"es\">(Espa\u00f1ol) B-9. Gesti\u00f3n de la PRL en Facultades, Escuelas e Institutos de Investigaci\u00f3n (3 horas), Campus: ELCHE<\/span>"},"content":{"rendered":"<p class=\"qtranxs-available-languages-message qtranxs-available-languages-message-ca\">Ho sentim, aquesta entrada es troba disponible \u00fanicament en <a href=\"https:\/\/prevencion.umh.es\/es\/wp-json\/wp\/v2\/posts\/2733\" class=\"qtranxs-available-language-link qtranxs-available-language-link-es\" title=\"Espa\u00f1ol\">Espanyol Europeu<\/a>.<\/p>","protected":false},"excerpt":{"rendered":"<p>Ho sentim, aquesta entrada es troba disponible \u00fanicament en Espanyol Europeu.<\/p>\n","protected":false},"author":134,"featured_media":0,"comment_status":"closed","ping_status":"open","sticky":false,"template":"","format":"standard","meta":{"_links_to":"","_links_to_target":""},"categories":[4],"tags":[],"_links":{"self":[{"href":"https:\/\/prevencion.umh.es\/ca\/wp-json\/wp\/v2\/posts\/2733"}],"collection":[{"href":"https:\/\/prevencion.umh.es\/ca\/wp-json\/wp\/v2\/posts"}],"about":[{"href":"https:\/\/prevencion.umh.es\/ca\/wp-json\/wp\/v2\/types\/post"}],"author":[{"embeddable":true,"href":"https:\/\/prevencion.umh.es\/ca\/wp-json\/wp\/v2\/users\/134"}],"replies":[{"embeddable":true,"href":"https:\/\/prevencion.umh.es\/ca\/wp-json\/wp\/v2\/comments?post=2733"}],"version-history":[{"count":0,"href":"https:\/\/prevencion.umh.es\/ca\/wp-json\/wp\/v2\/posts\/2733\/revisions"}],"wp:attachment":[{"href":"https:\/\/prevencion.umh.es\/ca\/wp-json\/wp\/v2\/media?parent=2733"}],"wp:term":[{"taxonomy":"category","embeddable":true,"href":"https:\/\/prevencion.umh.es\/ca\/wp-json\/wp\/v2\/categories?post=2733"},{"taxonomy":"post_tag","embeddable":true,"href":"https:\/\/prevencion.umh.es\/ca\/wp-json\/wp\/v2\/tags?post=2733"}],"curies":[{"name":"wp","href":"https:\/\/api.w.org\/{rel}","templated":true}]}}