{"id":2600,"date":"2012-03-15T19:34:45","date_gmt":"2012-03-15T17:34:45","guid":{"rendered":"http:\/\/prevencion.zeus.umh.es\/?p=2600"},"modified":"2012-03-15T19:34:45","modified_gmt":"2012-03-15T17:34:45","slug":"curso-para-la-deshabituacion-tabaquica-3-horas-en-campus-de-san-juan","status":"publish","type":"post","link":"https:\/\/prevencion.umh.es\/en\/2012\/03\/15\/curso-para-la-deshabituacion-tabaquica-3-horas-en-campus-de-san-juan\/","title":{"rendered":"Curso para la DESHABITUACI\u00d3N TABAQUICA. (3 horas) en campus de San Juan."},"content":{"rendered":"<p>Campus: San Juan, pero para toda la Universidad.<br \/>\n&#8211; Orientado a informar sobre los efectos del tabaco sobre la salud de los trabajadores, tanto en el \u00e1mbito laboral como familiar, incidiendo en formaci\u00f3n de los trabajadores sobre el riesgo adicional del tabaco en presencia de otros carcin\u00f3genos laborales.<br \/>\n&#8211; Impartido por el Servicio de Prevenci\u00f3n de la UMH.<br \/>\n&#8211; Dirigido todo el personal de la UMH.<br \/>\n&#8211; Previsto para 1 d\u00edas en jornada de 3 horas.<br \/>\n&#8211; Horario de 9:30 a 12:30 Horas.<br \/>\nINSCRIPCI\u00d3N.<br \/>\nA trav\u00e9s del formulario en Web del SPRL https:\/\/prevencion.umh.es\/formacion\/, hasta el 30 de marzo,<br \/>\nL\u00edmite de inscripci\u00f3n: 25 alumnos.<br \/>\nCALENDARIO:<br \/>\nD\u00edas 4 de abril<br \/>\nLUGAR: Campus de SAN JUAN, edificio 1(Facultad de Medicina) Aula 4.<br \/>\nTEMARIO.<br \/>\n&#8211; Importancia del tabaquismo como factor de riesgo para la salud<br \/>\n&#8211; Repercusi\u00f3n del tabaquismo en el entorno laboral<br \/>\n&#8211; Aspectos legales<br \/>\n&#8211; Plan Nacional de Prevenci\u00f3n y Control del Tabaquismo<br \/>\n&#8211; La adicci\u00f3n al tabaco como enfermedad<br \/>\n&#8211; etiolog\u00eda<br \/>\n&#8211; factores biol\u00f3gicos implicados<br \/>\n&#8211; efectos biol\u00f3gicos de la nicotina<br \/>\n&#8211; factores psicol\u00f3gicos<br \/>\n&#8211; s\u00edndrome de abstinencia<br \/>\n&#8211; Aire contaminado por el humo de tabaco<br \/>\n&#8211; efectos en fumadores<br \/>\n&#8211; efectos en no fumadores<br \/>\n&#8211; Tabaco y embarazo<br \/>\n&#8211; Tabaco y reproducci\u00f3n<br \/>\n&#8211; Tabaco y econom\u00eda<br \/>\n&#8211; Beneficios del abandono del tabaco<br \/>\n&#8211; Modelo de afrontamiento desde la empresa.<\/p>\n","protected":false},"excerpt":{"rendered":"<p>Campus: San Juan, pero para toda la Universidad.<br \/>\n&#8211; Orientado a informar sobre los efectos del tabaco sobre la salud de los trabajadores, tanto en el \u00e1mbito laboral como familiar, incidiendo en formaci\u00f3n de los trabajadores sobre el riesgo adicional del tabaco en presencia de otros carcin\u00f3genos laborales.<br \/>\n&#8211; Impartido por el Servicio de Prevenci\u00f3n de la [&#8230;]<\/p>\n","protected":false},"author":134,"featured_media":0,"comment_status":"closed","ping_status":"open","sticky":false,"template":"","format":"standard","meta":{"_links_to":"","_links_to_target":""},"categories":[4],"tags":[],"_links":{"self":[{"href":"https:\/\/prevencion.umh.es\/en\/wp-json\/wp\/v2\/posts\/2600"}],"collection":[{"href":"https:\/\/prevencion.umh.es\/en\/wp-json\/wp\/v2\/posts"}],"about":[{"href":"https:\/\/prevencion.umh.es\/en\/wp-json\/wp\/v2\/types\/post"}],"author":[{"embeddable":true,"href":"https:\/\/prevencion.umh.es\/en\/wp-json\/wp\/v2\/users\/134"}],"replies":[{"embeddable":true,"href":"https:\/\/prevencion.umh.es\/en\/wp-json\/wp\/v2\/comments?post=2600"}],"version-history":[{"count":0,"href":"https:\/\/prevencion.umh.es\/en\/wp-json\/wp\/v2\/posts\/2600\/revisions"}],"wp:attachment":[{"href":"https:\/\/prevencion.umh.es\/en\/wp-json\/wp\/v2\/media?parent=2600"}],"wp:term":[{"taxonomy":"category","embeddable":true,"href":"https:\/\/prevencion.umh.es\/en\/wp-json\/wp\/v2\/categories?post=2600"},{"taxonomy":"post_tag","embeddable":true,"href":"https:\/\/prevencion.umh.es\/en\/wp-json\/wp\/v2\/tags?post=2600"}],"curies":[{"name":"wp","href":"https:\/\/api.w.org\/{rel}","templated":true}]}}